{"id":155,"date":"2023-12-28T12:55:03","date_gmt":"2023-12-28T11:55:03","guid":{"rendered":"http:\/\/newsite.uom.org.ar\/?p=155"},"modified":"2023-12-28T12:55:04","modified_gmt":"2023-12-28T11:55:04","slug":"a-104-anos-de-la-semana-tragica","status":"publish","type":"post","link":"https:\/\/uom.org.ar\/?p=155","title":{"rendered":"A 104 a\u00f1os de La Semana Tr\u00e1gica"},"content":{"rendered":"\n<p>Los acontecimientos sucedidos durante el mes de enero de 1919 en la ciudad de Buenos Aires fueron la resultante de casi veinte a\u00f1os de conciencia obrera y de su fuerza frente a la patronal.<\/p>\n\n\n\n<p>En los Talleres Vasena, la producci\u00f3n metal\u00fargica no paraba de crecer y las jornadas laborales conoc\u00edan de inicio pero no de fin. Esto era por dem\u00e1s agobiante si se le agregaban las malas condiciones de salubridad para los m\u00e1s de 2500 obreros. Las demandas por un salario digno, un franco semanal y la regulaci\u00f3n de la faena no ced\u00edan por parte de los trabajadores y sus representantes. La Federaci\u00f3n Obrera Regional Argentina (FORA), referencia de peso en el \u00e1rea sindical, apoy\u00f3 el reclamo iniciado un mes antes y la huelga se inici\u00f3 en las primeras horas del 10 de enero convirti\u00e9ndose, a las pocas horas, en un paro general.<\/p>\n\n\n\n<p>Los gerenciadores no ten\u00edan ninguna intenci\u00f3n de acceder a los reclamos y confiaban en que todo se resolver\u00eda pasado un tiempo, confiaban en sus fuerzas. Sin embargo, la medida de fuerza sigui\u00f3 y los enfrentamientos entre huelguistas y grupos de choque nacionalistas, temerosos de los ecos de la Revoluci\u00f3n Rusa, conocidos como Liga Patri\u00f3tica Argentina o, simplemente, rompehuelgas a sueldo, desataron un caos que escal\u00f3 con muertos y heridos en media ciudad.<\/p>\n\n\n\n<p>Para cuando las autoridades pol\u00edticas tomaron cartas en el asunto, las fuerzas policiales, afines a la patronal, estaban fuera de control y la masacre era un hecho. Se calculan cerca de 700 muertos y otros tantos cientos de heridos porque no hubo una cifra oficial. Tampoco hubo sanciones por los excesos de las fuerzas del orden, ni sumarios ni apartamiento de autoridades, m\u00e1s bien se apel\u00f3 a destacar a los oficiales y a justificar la represi\u00f3n.<\/p>\n\n\n\n<p>Pero la lucha no fue en vano porque se alcanzaron los reclamos exigidos y, desde all\u00ed, la lucha de los trabajadores sigui\u00f3 creciendo alcanzando con Per\u00f3n su m\u00e1ximo esplendor.<\/p>\n\n\n\n<p>Hoy recordamos a los m\u00e1rtires que antes lucharon por nuestros derechos y dieron su vida para defenderlos.<\/p>\n","protected":false},"excerpt":{"rendered":"<p>Los acontecimientos sucedidos durante el mes de enero de 1919 en la ciudad de Buenos Aires fueron la resultante de casi veinte a\u00f1os de conciencia obrera y de su fuerza frente a la patronal. En los Talleres Vasena, la producci\u00f3n metal\u00fargica no paraba de crecer y las jornadas laborales conoc\u00edan de inicio pero no de [&hellip;]<\/p>\n","protected":false},"author":1,"featured_media":156,"comment_status":"open","ping_status":"open","sticky":false,"template":"","format":"standard","meta":{"footnotes":""},"categories":[1],"tags":[],"class_list":["post-155","post","type-post","status-publish","format-standard","has-post-thumbnail","hentry","category-actualidad"],"_links":{"self":[{"href":"https:\/\/uom.org.ar\/index.php?rest_route=\/wp\/v2\/posts\/155","targetHints":{"allow":["GET"]}}],"collection":[{"href":"https:\/\/uom.org.ar\/index.php?rest_route=\/wp\/v2\/posts"}],"about":[{"href":"https:\/\/uom.org.ar\/index.php?rest_route=\/wp\/v2\/types\/post"}],"author":[{"embeddable":true,"href":"https:\/\/uom.org.ar\/index.php?rest_route=\/wp\/v2\/users\/1"}],"replies":[{"embeddable":true,"href":"https:\/\/uom.org.ar\/index.php?rest_route=%2Fwp%2Fv2%2Fcomments&post=155"}],"version-history":[{"count":1,"href":"https:\/\/uom.org.ar\/index.php?rest_route=\/wp\/v2\/posts\/155\/revisions"}],"predecessor-version":[{"id":162,"href":"https:\/\/uom.org.ar\/index.php?rest_route=\/wp\/v2\/posts\/155\/revisions\/162"}],"wp:featuredmedia":[{"embeddable":true,"href":"https:\/\/uom.org.ar\/index.php?rest_route=\/wp\/v2\/media\/156"}],"wp:attachment":[{"href":"https:\/\/uom.org.ar\/index.php?rest_route=%2Fwp%2Fv2%2Fmedia&parent=155"}],"wp:term":[{"taxonomy":"category","embeddable":true,"href":"https:\/\/uom.org.ar\/index.php?rest_route=%2Fwp%2Fv2%2Fcategories&post=155"},{"taxonomy":"post_tag","embeddable":true,"href":"https:\/\/uom.org.ar\/index.php?rest_route=%2Fwp%2Fv2%2Ftags&post=155"}],"curies":[{"name":"wp","href":"https:\/\/api.w.org\/{rel}","templated":true}]}}