{"id":2524,"date":"2026-03-11T22:50:07","date_gmt":"2026-03-11T21:50:07","guid":{"rendered":"https:\/\/uom.org.ar\/?p=2524"},"modified":"2026-03-11T22:50:08","modified_gmt":"2026-03-11T21:50:08","slug":"furlan-en-tierra-del-fuego-defender-la-industria-nacional-es-defender-nuestra-dignidad","status":"publish","type":"post","link":"https:\/\/uom.org.ar\/?p=2524","title":{"rendered":"Furl\u00e1n en Tierra del Fuego: \u201cDefender la industria nacional es defender nuestra dignidad\u201d"},"content":{"rendered":"\n<h2 class=\"wp-block-heading has-medium-font-size\">El secretario general de la UOM, Abel Furl\u00e1n, particip\u00f3 este mi\u00e9rcoles en R\u00edo Grande de una jornada de lucha en defensa de los puestos de trabajo en la empresa Aires del Sur, acompa\u00f1ado por el titular de ATE, Rodolfo Aguiar, y el secretario general de la Federaci\u00f3n Aceitera, Daniel Yofra. Los dirigentes del Frente de Sindicatos Unidos (FreSU) viajaron a la provincia para respaldar a los trabajadores junto al secretario general de la UOM R\u00edo Grande, Oscar Mart\u00ednez, en el marco de un paro metal\u00fargico frente al cierre de empresas y los despidos en la isla.<\/h2>\n\n\n\n<p>Los dirigentes comenzaron la jornada encabezando una asamblea en la planta de la compa\u00f1\u00eda BGH, una de las m\u00e1s relevantes de la isla a nivel productivo y por la masa de trabajadores que emplea. Continuaron con una movilizaci\u00f3n de trabajadores metal\u00fargicos a trav\u00e9s del parque industrial de R\u00edo Grande, que culmin\u00f3 con un acto frente a la empresa Aires del Sur. La f\u00e1brica de aires acondicionados present\u00f3 la quiebra y dej\u00f3 sin empleo a 140 trabajadores, de los cuales 113 pertenecen a la UOM. La firma cerr\u00f3 sus puertas adeudando salarios del \u00faltimo mes y no se present\u00f3 a las audiencias conciliatorias convocadas por el Ministerio de Trabajo.<\/p>\n\n\n\n<p>Durante el acto, Furl\u00e1n expres\u00f3 el respaldo de la UOM nacional a los trabajadores fueguinos y advirti\u00f3 sobre el impacto que tienen las pol\u00edticas econ\u00f3micas sobre el entramado industrial del pa\u00eds. \u201cLa industria nacional tiene que ver con defender nuestra dignidad, porque sin industria nacional no va a haber trabajo para todos\u201d, sostuvo el dirigente metal\u00fargico ante los trabajadores concentrados frente a la planta.<\/p>\n\n\n\n<p>El secretario general de la UOM tambi\u00e9n defendi\u00f3 el r\u00e9gimen fiscal de Tierra del Fuego y su importancia estrat\u00e9gica para el pa\u00eds. \u201cEste r\u00e9gimen permite que haya industria, que haya empleo y que se pueda poblar esta isla. Eso tambi\u00e9n es soberan\u00eda: sostener una presencia productiva y laboral en un territorio estrat\u00e9gico por su ubicaci\u00f3n y su cercan\u00eda con la Ant\u00e1rtida\u201d, afirm\u00f3.<\/p>\n\n\n\n<p>Finalmente, Furl\u00e1n llam\u00f3 a fortalecer la unidad del movimiento obrero frente al cierre de empresas y los despidos: \u201cNos tiene que dar fortaleza y sabidur\u00eda para fortalecer nuestra unidad, porque hay una causa justa: defender la dignidad de cada uno de ustedes\u201d. Y concluy\u00f3: \u201cSabemos que empieza una tarea dif\u00edcil, pero absolutamente necesaria. La historia nos demanda defender la industria nacional, el trabajo argentino y la soberan\u00eda de nuestro pa\u00eds\u201d.<\/p>\n\n\n\n<div style=\"height:25px\" aria-hidden=\"true\" class=\"wp-block-spacer\"><\/div>\n\n\n\n<figure class=\"wp-block-gallery has-nested-images columns-default is-cropped wp-block-gallery-1 is-layout-flex wp-block-gallery-is-layout-flex\">\n<figure class=\"wp-block-image size-large\"><img fetchpriority=\"high\" decoding=\"async\" width=\"1280\" height=\"853\" data-id=\"2526\" src=\"https:\/\/uom.org.ar\/wp-content\/uploads\/2026\/03\/photo_2_2026-03-11_18-42-39.jpg\" alt=\"\" class=\"wp-image-2526\"\/><\/figure>\n\n\n\n<figure class=\"wp-block-image size-large\"><img decoding=\"async\" width=\"1280\" height=\"853\" data-id=\"2527\" src=\"https:\/\/uom.org.ar\/wp-content\/uploads\/2026\/03\/photo_3_2026-03-11_18-42-39.jpg\" alt=\"\" class=\"wp-image-2527\"\/><\/figure>\n\n\n\n<figure class=\"wp-block-image size-large\"><img decoding=\"async\" width=\"2560\" height=\"1920\" data-id=\"2528\" src=\"https:\/\/uom.org.ar\/wp-content\/uploads\/2026\/03\/photo_4_2026-03-11_18-42-39.jpg\" alt=\"\" class=\"wp-image-2528\"\/><\/figure>\n\n\n\n<figure class=\"wp-block-image size-large\"><img loading=\"lazy\" decoding=\"async\" width=\"2560\" height=\"1920\" data-id=\"2529\" src=\"https:\/\/uom.org.ar\/wp-content\/uploads\/2026\/03\/photo_5_2026-03-11_18-42-39.jpg\" alt=\"\" class=\"wp-image-2529\"\/><\/figure>\n\n\n\n<figure class=\"wp-block-image size-large\"><img loading=\"lazy\" decoding=\"async\" width=\"2560\" height=\"1920\" data-id=\"2531\" src=\"https:\/\/uom.org.ar\/wp-content\/uploads\/2026\/03\/photo_7_2026-03-11_18-42-39.jpg\" alt=\"\" class=\"wp-image-2531\"\/><\/figure>\n\n\n\n<figure class=\"wp-block-image size-large\"><img loading=\"lazy\" decoding=\"async\" width=\"2560\" height=\"1920\" data-id=\"2530\" src=\"https:\/\/uom.org.ar\/wp-content\/uploads\/2026\/03\/photo_6_2026-03-11_18-42-39.jpg\" alt=\"\" class=\"wp-image-2530\"\/><\/figure>\n\n\n\n<figure class=\"wp-block-image size-large\"><img loading=\"lazy\" decoding=\"async\" width=\"2560\" height=\"1920\" data-id=\"2532\" src=\"https:\/\/uom.org.ar\/wp-content\/uploads\/2026\/03\/photo_8_2026-03-11_18-42-39.jpg\" alt=\"\" class=\"wp-image-2532\"\/><\/figure>\n\n\n\n<figure class=\"wp-block-image size-large\"><img loading=\"lazy\" decoding=\"async\" width=\"2560\" height=\"1920\" data-id=\"2533\" src=\"https:\/\/uom.org.ar\/wp-content\/uploads\/2026\/03\/photo_9_2026-03-11_18-42-39.jpg\" alt=\"\" class=\"wp-image-2533\"\/><\/figure>\n\n\n\n<figure class=\"wp-block-image size-large\"><img loading=\"lazy\" decoding=\"async\" width=\"2560\" height=\"1920\" data-id=\"2534\" src=\"https:\/\/uom.org.ar\/wp-content\/uploads\/2026\/03\/photo_10_2026-03-11_18-42-39.jpg\" alt=\"\" class=\"wp-image-2534\"\/><\/figure>\n<\/figure>\n","protected":false},"excerpt":{"rendered":"<p>Furl\u00e1n particip\u00f3 de una jornada de lucha en defensa de los puestos de trabajo en la empresa Aires del Sur, en R\u00edo Grande acompa\u00f1ado por Rodolfo Aguiar (ATE) y Daniel Yofra (Federaci\u00f3n de Aceiteros). Los dirigentes del Frente de Sindicatos Unidos (FreSU) viajaron a la provincia para respaldar a los trabajadores junto al secretario general de la UOM R\u00edo Grande, Oscar Mart\u00ednez, en el marco de un paro metal\u00fargico frente al cierre de empresas y los despidos en la isla.<\/p>\n","protected":false},"author":5,"featured_media":2525,"comment_status":"open","ping_status":"open","sticky":false,"template":"","format":"standard","meta":{"footnotes":""},"categories":[1],"tags":[18,180,182,185,157,161,46,183,184,94,21,181],"class_list":["post-2524","post","type-post","status-publish","format-standard","has-post-thumbnail","hentry","category-actualidad","tag-abel-furlan","tag-aguiar","tag-aires-del-sur","tag-bgh","tag-frente-de-sindicatos-unidos","tag-fresu","tag-furlan","tag-rio-grande","tag-tierra-del-fuego","tag-union-obrera-metalurgica","tag-uom","tag-yofra"],"_links":{"self":[{"href":"https:\/\/uom.org.ar\/index.php?rest_route=\/wp\/v2\/posts\/2524","targetHints":{"allow":["GET"]}}],"collection":[{"href":"https:\/\/uom.org.ar\/index.php?rest_route=\/wp\/v2\/posts"}],"about":[{"href":"https:\/\/uom.org.ar\/index.php?rest_route=\/wp\/v2\/types\/post"}],"author":[{"embeddable":true,"href":"https:\/\/uom.org.ar\/index.php?rest_route=\/wp\/v2\/users\/5"}],"replies":[{"embeddable":true,"href":"https:\/\/uom.org.ar\/index.php?rest_route=%2Fwp%2Fv2%2Fcomments&post=2524"}],"version-history":[{"count":2,"href":"https:\/\/uom.org.ar\/index.php?rest_route=\/wp\/v2\/posts\/2524\/revisions"}],"predecessor-version":[{"id":2536,"href":"https:\/\/uom.org.ar\/index.php?rest_route=\/wp\/v2\/posts\/2524\/revisions\/2536"}],"wp:featuredmedia":[{"embeddable":true,"href":"https:\/\/uom.org.ar\/index.php?rest_route=\/wp\/v2\/media\/2525"}],"wp:attachment":[{"href":"https:\/\/uom.org.ar\/index.php?rest_route=%2Fwp%2Fv2%2Fmedia&parent=2524"}],"wp:term":[{"taxonomy":"category","embeddable":true,"href":"https:\/\/uom.org.ar\/index.php?rest_route=%2Fwp%2Fv2%2Fcategories&post=2524"},{"taxonomy":"post_tag","embeddable":true,"href":"https:\/\/uom.org.ar\/index.php?rest_route=%2Fwp%2Fv2%2Ftags&post=2524"}],"curies":[{"name":"wp","href":"https:\/\/api.w.org\/{rel}","templated":true}]}}