{"id":2537,"date":"2026-03-13T02:28:57","date_gmt":"2026-03-13T01:28:57","guid":{"rendered":"https:\/\/uom.org.ar\/?p=2537"},"modified":"2026-03-13T02:28:58","modified_gmt":"2026-03-13T01:28:58","slug":"el-fresu-exigio-el-cese-de-la-intervencion-del-puerto-de-ushuaia","status":"publish","type":"post","link":"https:\/\/uom.org.ar\/?p=2537","title":{"rendered":"El FreSU exigi\u00f3 el cese de la intervenci\u00f3n del puerto de Ushuaia"},"content":{"rendered":"\n<h2 class=\"wp-block-heading has-medium-font-size\">El secretario general de la UOM, Abel Furl\u00e1n, particip\u00f3 junto a Rodolfo Aguiar (ATE) y Daniel Yofra (Federaci\u00f3n Aceitera) de la movilizaci\u00f3n del Frente de Sindicatos Unidos (FreSU) en defensa del Puerto de Ushuaia y de los puestos de trabajo vinculados a la actividad portuaria.<\/h2>\n\n\n\n<p>La actividad se realiz\u00f3 frente al Puerto de Ushuaia y form\u00f3 parte de las acciones que el FreSU viene impulsando en distintos puntos del pa\u00eds para acompa\u00f1ar conflictos laborales y defender la producci\u00f3n nacional. El espacio sindical \u2014integrado por organizaciones del sector p\u00fablico y privado, entre ellas la UOM, ATE y la Federaci\u00f3n Aceitera\u2014 se moviliz\u00f3 para rechazar la intervenci\u00f3n del puerto y advertir sobre sus consecuencias para el empleo y la soberan\u00eda nacional.<\/p>\n\n\n\n<p>Durante la jornada, Furl\u00e1n expres\u00f3 el acompa\u00f1amiento del gremio metal\u00fargico a los trabajadores portuarios y destac\u00f3 la necesidad de fortalecer la unidad sindical frente a las pol\u00edticas que afectan el empleo y la producci\u00f3n. \u201cNos ponemos a disposici\u00f3n de la lucha de los trabajadores del puerto. Desde el FreSU vamos a nacionalizar y visibilizar esta lucha\u201d, se\u00f1al\u00f3 el dirigente metal\u00fargico, quien sostuvo que la unidad de los conflictos laborales es clave para enfrentar el modelo econ\u00f3mico actual.<\/p>\n\n\n\n<p>Por su parte, el secretario general de ATE, Rodolfo Aguiar, cuestion\u00f3 la intervenci\u00f3n del puerto y advirti\u00f3 sobre su impacto en t\u00e9rminos laborales y estrat\u00e9gicos. \u201cLa intervenci\u00f3n del puerto debe cesar de manera inmediata y se deben garantizar todas las fuentes laborales\u201d, afirm\u00f3 el dirigente, quien adem\u00e1s alert\u00f3 que la situaci\u00f3n pone en riesgo la soberan\u00eda en un territorio estrat\u00e9gico de la Patagonia. En tanto el Secretario General de la Federaci\u00f3n Aceitera, Daniel Yofra, indic\u00f3: \u201cSabemos la tristeza que significa quedarse sin trabajo, pero debemos transformarla en bronca y la bronca en lucha\u201d.<\/p>\n\n\n\n<p>La presencia de Furl\u00e1n en Ushuaia se inscribe en la agenda de acciones federales que viene desarrollando el Frente de Sindicatos Unidos, con presencia en distintos conflictos laborales y productivos a lo largo del pa\u00eds, en defensa del trabajo argentino, la industria nacional y la soberan\u00eda sobre los recursos estrat\u00e9gicos. Esta semana, encabez\u00f3 una movilizaci\u00f3n junto a los trabajadores de la UOM R\u00edo Grande y a su secretario general, en defensa de los puestos de trabajo de la empresa Aires del Sur y de todo el sector de la industria electr\u00f3nica fueguina.<\/p>\n\n\n\n<div style=\"height:25px\" aria-hidden=\"true\" class=\"wp-block-spacer\"><\/div>\n\n\n\n<figure class=\"wp-block-gallery has-nested-images columns-default is-cropped wp-block-gallery-1 is-layout-flex wp-block-gallery-is-layout-flex\">\n<figure class=\"wp-block-image size-large\"><img fetchpriority=\"high\" decoding=\"async\" width=\"1600\" height=\"1066\" data-id=\"2539\" src=\"https:\/\/uom.org.ar\/wp-content\/uploads\/2026\/03\/02.jpeg\" alt=\"\" class=\"wp-image-2539\" style=\"aspect-ratio:4\/3\"\/><\/figure>\n\n\n\n<figure class=\"wp-block-image size-large\"><img decoding=\"async\" width=\"1600\" height=\"1066\" data-id=\"2540\" src=\"https:\/\/uom.org.ar\/wp-content\/uploads\/2026\/03\/03.jpeg\" alt=\"\" class=\"wp-image-2540\" style=\"aspect-ratio:4\/3\"\/><\/figure>\n\n\n\n<figure class=\"wp-block-image size-large\"><img decoding=\"async\" width=\"1600\" height=\"1066\" data-id=\"2541\" src=\"https:\/\/uom.org.ar\/wp-content\/uploads\/2026\/03\/04.jpeg\" alt=\"\" class=\"wp-image-2541\" style=\"aspect-ratio:4\/3\"\/><\/figure>\n\n\n\n<figure class=\"wp-block-image size-large\"><img loading=\"lazy\" decoding=\"async\" width=\"1599\" height=\"1066\" data-id=\"2542\" src=\"https:\/\/uom.org.ar\/wp-content\/uploads\/2026\/03\/05.jpeg\" alt=\"\" class=\"wp-image-2542\" style=\"aspect-ratio:4\/3\"\/><\/figure>\n<\/figure>\n\n\n\n<p>Fotos: Leandro Mastronicola.<\/p>\n","protected":false},"excerpt":{"rendered":"<p>El secretario general de la UOM, Abel Furl\u00e1n, particip\u00f3 junto a Rodolfo Aguiar (ATE) y Daniel Yofra (Federaci\u00f3n Aceitera) de la movilizaci\u00f3n del Frente de Sindicatos Unidos (FreSU) en defensa del Puerto de Ushuaia y de los puestos de trabajo vinculados a la actividad portuaria.<\/p>\n","protected":false},"author":5,"featured_media":2538,"comment_status":"open","ping_status":"open","sticky":false,"template":"","format":"standard","meta":{"footnotes":""},"categories":[1],"tags":[18,186,180,193,187,157,161,46,191,190,192,184,94,21,189,181],"class_list":["post-2537","post","type-post","status-publish","format-standard","has-post-thumbnail","hentry","category-actualidad","tag-abel-furlan","tag-aceiteros","tag-aguiar","tag-antartida","tag-ate","tag-frente-de-sindicatos-unidos","tag-fresu","tag-furlan","tag-puerto","tag-puerto-de-ushuaia","tag-tdf","tag-tierra-del-fuego","tag-union-obrera-metalurgica","tag-uom","tag-ushuaia","tag-yofra"],"_links":{"self":[{"href":"https:\/\/uom.org.ar\/index.php?rest_route=\/wp\/v2\/posts\/2537","targetHints":{"allow":["GET"]}}],"collection":[{"href":"https:\/\/uom.org.ar\/index.php?rest_route=\/wp\/v2\/posts"}],"about":[{"href":"https:\/\/uom.org.ar\/index.php?rest_route=\/wp\/v2\/types\/post"}],"author":[{"embeddable":true,"href":"https:\/\/uom.org.ar\/index.php?rest_route=\/wp\/v2\/users\/5"}],"replies":[{"embeddable":true,"href":"https:\/\/uom.org.ar\/index.php?rest_route=%2Fwp%2Fv2%2Fcomments&post=2537"}],"version-history":[{"count":2,"href":"https:\/\/uom.org.ar\/index.php?rest_route=\/wp\/v2\/posts\/2537\/revisions"}],"predecessor-version":[{"id":2544,"href":"https:\/\/uom.org.ar\/index.php?rest_route=\/wp\/v2\/posts\/2537\/revisions\/2544"}],"wp:featuredmedia":[{"embeddable":true,"href":"https:\/\/uom.org.ar\/index.php?rest_route=\/wp\/v2\/media\/2538"}],"wp:attachment":[{"href":"https:\/\/uom.org.ar\/index.php?rest_route=%2Fwp%2Fv2%2Fmedia&parent=2537"}],"wp:term":[{"taxonomy":"category","embeddable":true,"href":"https:\/\/uom.org.ar\/index.php?rest_route=%2Fwp%2Fv2%2Fcategories&post=2537"},{"taxonomy":"post_tag","embeddable":true,"href":"https:\/\/uom.org.ar\/index.php?rest_route=%2Fwp%2Fv2%2Ftags&post=2537"}],"curies":[{"name":"wp","href":"https:\/\/api.w.org\/{rel}","templated":true}]}}