{"id":2546,"date":"2026-03-13T18:29:54","date_gmt":"2026-03-13T17:29:54","guid":{"rendered":"https:\/\/uom.org.ar\/?p=2546"},"modified":"2026-03-13T18:29:55","modified_gmt":"2026-03-13T17:29:55","slug":"el-fresu-exige-un-salario-minimo-de-2-706-923-pesos","status":"publish","type":"post","link":"https:\/\/uom.org.ar\/?p=2546","title":{"rendered":"El FreSU exige un salario m\u00ednimo de 2.706.923 pesos"},"content":{"rendered":"\n<h2 class=\"wp-block-heading has-medium-font-size\">El Frente de Sindicatos Unidos (FreSU) reclam\u00f3 hoy un salario m\u00ednimo vital y m\u00f3vil de 2.706.923 pesos y se\u00f1al\u00f3 que la principal demanda que llevar\u00e1 adelante es \u00abla recuperaci\u00f3n del salario de las y los trabajadores para que pueden vivir con dignidad\u00bb.<\/h2>\n\n\n\n<p>\u00abDesde que Milei es presidente, las patronales se quedaron con 54 billones de pesos que nos sacaron a los trabajadores. Por eso, la recuperaci\u00f3n del el salario es la principal demanda para las y los trabajadores\u00bb, sostuvo el secretario general de la UOM, Abel Furlan, durante la conferencia de prensa del FreSU, junto a sus pares Rodolfo Aguiar (ATE) y Daniel Yofra (Aceiteros) y otros dirigentes.<\/p>\n\n\n\n<p>Al abrir el encuentro en la sede central de ATE, Aguiar subray\u00f3 que \u00abhoy se necesitan m\u00e1s de 8 salarios minimos vigentes para poder vivir\u00bb y asegur\u00f3: \u00abEste Frente, integrado por sindicatos y trabajadores que somos quiene generamos la riqueza queremos discutir c\u00f3mo se distribuye\u00bb.<\/p>\n\n\n\n<p>Por su parte, Yofra agreg\u00f3: \u00abPretendemos que cada trabajador y su familia puedan comer las cuatro comidas diarias, que puedan irse de vacaciones, que puedan vestirse donde quieran, que puedan salir a comer con la familia y por eso peleamos con la huelga como herramienta fundamental\u00bb.<\/p>\n\n\n\n<p>De la conferencia de prensa participaron tambi\u00e9n las y los dirigentes Hugo Godoy (CTA), Gaciela Ale\u00f1a (Viales), Clara Chevalier (Conadu), Jorge Alejandro Vargas (SOMU), Ricardo Peidro (Visitadores M\u00e9dicos), Daniel Ruiz (Mesa sindical), Julio Aralde (Fepevina), Oscar Isasi (ATE-BsAs), Mercedes Cabeza (ATE), Jos\u00e9 Luque (Papeleros) y Marcelo Belelli (ATE- sector a\u00e9reo).<\/p>\n","protected":false},"excerpt":{"rendered":"<p>El Frente de Sindicatos Unidos (FreSU) reclam\u00f3 hoy un salario m\u00ednimo vital y m\u00f3vil de 2.706.923 pesos y se\u00f1al\u00f3 que la principal demanda que llevar\u00e1 adelante es \u00abla recuperaci\u00f3n del salario de las y los trabajadores para que pueden vivir con dignidad\u00bb.<\/p>\n","protected":false},"author":5,"featured_media":2545,"comment_status":"open","ping_status":"open","sticky":false,"template":"","format":"standard","meta":{"footnotes":""},"categories":[1],"tags":[18,180,157,161,49,94,21,181],"class_list":["post-2546","post","type-post","status-publish","format-standard","has-post-thumbnail","hentry","category-actualidad","tag-abel-furlan","tag-aguiar","tag-frente-de-sindicatos-unidos","tag-fresu","tag-salario","tag-union-obrera-metalurgica","tag-uom","tag-yofra"],"_links":{"self":[{"href":"https:\/\/uom.org.ar\/index.php?rest_route=\/wp\/v2\/posts\/2546","targetHints":{"allow":["GET"]}}],"collection":[{"href":"https:\/\/uom.org.ar\/index.php?rest_route=\/wp\/v2\/posts"}],"about":[{"href":"https:\/\/uom.org.ar\/index.php?rest_route=\/wp\/v2\/types\/post"}],"author":[{"embeddable":true,"href":"https:\/\/uom.org.ar\/index.php?rest_route=\/wp\/v2\/users\/5"}],"replies":[{"embeddable":true,"href":"https:\/\/uom.org.ar\/index.php?rest_route=%2Fwp%2Fv2%2Fcomments&post=2546"}],"version-history":[{"count":2,"href":"https:\/\/uom.org.ar\/index.php?rest_route=\/wp\/v2\/posts\/2546\/revisions"}],"predecessor-version":[{"id":2548,"href":"https:\/\/uom.org.ar\/index.php?rest_route=\/wp\/v2\/posts\/2546\/revisions\/2548"}],"wp:featuredmedia":[{"embeddable":true,"href":"https:\/\/uom.org.ar\/index.php?rest_route=\/wp\/v2\/media\/2545"}],"wp:attachment":[{"href":"https:\/\/uom.org.ar\/index.php?rest_route=%2Fwp%2Fv2%2Fmedia&parent=2546"}],"wp:term":[{"taxonomy":"category","embeddable":true,"href":"https:\/\/uom.org.ar\/index.php?rest_route=%2Fwp%2Fv2%2Fcategories&post=2546"},{"taxonomy":"post_tag","embeddable":true,"href":"https:\/\/uom.org.ar\/index.php?rest_route=%2Fwp%2Fv2%2Ftags&post=2546"}],"curies":[{"name":"wp","href":"https:\/\/api.w.org\/{rel}","templated":true}]}}