{"id":2873,"date":"2026-05-02T00:27:00","date_gmt":"2026-05-01T22:27:00","guid":{"rendered":"https:\/\/uom.org.ar\/?p=2873"},"modified":"2026-05-02T00:27:01","modified_gmt":"2026-05-01T22:27:01","slug":"fresu-mas-de-1-600-delegados-gremiales-impulsan-un-programa-por-salario-digno-y-distribucion-de-la-riqueza","status":"publish","type":"post","link":"https:\/\/uom.org.ar\/?p=2873","title":{"rendered":"FreSU: M\u00e1s de 1.600 delegados gremiales impulsan un programa por \u201csalario digno y distribuci\u00f3n de la riqueza\u201d"},"content":{"rendered":"\n<h2 class=\"wp-block-heading has-medium-font-size\">El Primer Plenario del Frente de Sindicatos Unidos (FreSU) resolvi\u00f3 esta tarde, en el D\u00eda Internacional de las y los Trabajadores, \u201cseguir dando pelea en las calles y en todos los espacios que sea necesario para defender el conjunto de las y los trabajadores\u201d, reivindic\u00f3 el derecho a huelga como \u201cherramienta esencial\u201d para defender los derechos laborales y defini\u00f3 que \u201cel salario digno y la distribuci\u00f3n de la riqueza\u201d son el primer punto del Programa Unidad, Lucha y Rebeld\u00eda para Recuperar la Patria aprobado por m\u00e1s de 1.600 delegadas y delegados.<\/h2>\n\n\n\n<p>\u201cReivindicamos el derecho al trabajo y a un Salario M\u00ednimo Vital y M\u00f3vil seg\u00fan su definici\u00f3n en el Art\u00edculo 14 bis de la Constituci\u00f3n Nacional y el Art\u00edculo 116 de la Ley de Contrato de Trabajo, esto es, que asegure a los trabajadores en su jornada legal de trabajo una vida digna, mediante la satisfacci\u00f3n de las 9 necesidades all\u00ed contempladas: alimentaci\u00f3n adecuada, vivienda digna, educaci\u00f3n, vestuario, asistencia sanitaria, transporte, esparcimiento, vacaciones y previsi\u00f3n\u201d, se\u00f1alaron en el Programa, que fue votado a mano alzada durante el acto de cierre, y precisaron que el valor de ese salario es de 2.802.755 pesos para un trabajador sin cargas de familia.<\/p>\n\n\n\n<p>Al cierre del Plenario, el secretario general de la UOM, Abel Furl\u00e1n, afirm\u00f3: \u201cNunca m\u00e1s de aqu\u00ed hacia el futuro, las y los trabajadores vamos a andar en tinieblas. Tenemos claro el Programa, tenemos claro que es lo que tenemos que defender para nosotros, para nuestras familias y para nuestra Patria\u201d y contrast\u00f3: \u00abMientras el gobierno y los empresarios se re\u00fanen en el Hotel Llao Llao para entregar el pa\u00eds, nosotros nos reunimos en esta contracumbre para defender la soberan\u00eda y a los trabajadores\u00bb.<\/p>\n\n\n\n<p>\u201cEste Frente tiene que generar m\u00fasculo. Vamos a recorrer distintas provincias para fundar el FreSU en todo el pa\u00eds para que los trabajadores tengan un lugar donde expresarse. Eso nos va a permitir empezar a construir ese camino que necesitamos para desembocar en un plan de lucha y en una huelga para decir basta, porque los trabajadores somos los que generamos la riqueza de nuestro pa\u00eds\u201d, agreg\u00f3 Furl\u00e1n.<\/p>\n\n\n\n<p>Adem\u00e1s, el secretario general de ATE, Rodolfo Aguiar, dijo que \u201chay una sola manera de derrotar la reforma laboral, de enterrarla para siempre, es no cumpli\u00e9ndola en los lugares de trabajo. Llamemos a la desobediencia: que nadie pida permiso para hacer una asamblea\u201d y afirm\u00f3: \u201cLe avisamos al gobierno y a los patrones, pero sobre todo a las y los trabajadores: hoy iniciamos el camino por la recuperaci\u00f3n salarial y no vamos a parar hasta que no nos devuelvan hasta el \u00faltimo peso que nos quitaron\u201d.<\/p>\n\n\n\n<p>Por su parte, el secretario general de la Federaci\u00f3n Aceitera y Desmotadora, Daniel Yofra, se\u00f1al\u00f3: \u201cLos compa\u00f1eros vinieron a buscar una respuesta a la problem\u00e1tica que hoy tiene el movimiento obrero y se la van a llevar: este frente sindical se constituy\u00f3 y se sigue fortaleciendo pensando en la lucha. Luchar contra este gobierno, contra las patronales y contra la burocracia sindical que nos quiera venir a frenar\u201d.<\/p>\n\n\n\n<p>Del acto de cierre particip\u00f3 tambi\u00e9n el secretario general de La Fraternidad, Omar Maturano, que recibi\u00f3 la solidaridad del FreSU ante la sanci\u00f3n impuesta por la Secretar\u00eda de Trabajo contra el sindicato de maquinistas ferroviarios. \u201cLa multa millonaria aplicada por ejercer el derecho de huelga no es una medida administrativa: es un acto de persecuci\u00f3n y disciplinamiento contra todo el movimiento obrero. El Gobierno pretende castigar a quienes paran, organizan y reclaman. Pretende instalar el miedo como l\u00edmite a la acci\u00f3n sindical. No lo vamos a aceptar\u201d, subray\u00f3 el FreSU en un comunicado.<\/p>\n\n\n\n<p>El Programa fue elaborado durante el debate en ocho comisiones, donde las y los delegados debatieron e intercambiaron experiencias que permitieron definir una propuesta de diez puntos con medidas pol\u00edticas, econ\u00f3micas y sociales.<\/p>\n\n\n\n<p>\u201cConvocamos a fortalecer la unidad, ampliar el FreSU, multiplicar la organizaci\u00f3n desde los lugares de trabajo y construir un plan de acci\u00f3n sostenido. Reivindicamos el derecho a la protesta, la huelga y todas las formas leg\u00edtimas de lucha colectiva como herramientas esenciales para defender al pueblo trabajador\u201d, afirmaron las y los delegados en el Programa.<\/p>\n\n\n\n<p>\u201cReafirmamos una convicci\u00f3n hist\u00f3rica: los sindicatos no somos un obst\u00e1culo para salir de la crisis. Somos, en cambio, una herramienta de defensa colectiva, de organizaci\u00f3n democr\u00e1tica y de transformaci\u00f3n social\u201d, subray\u00f3 el FreSU en la introducci\u00f3n del programa de este frente conformado por m\u00e1s de 140 organizaciones de las tres centrales obreras entre las que se encuentran UOM, ATE, la Federaci\u00f3n Aceitera y Desmotadora, Aeron\u00e1uticos, Docentes Universitarios, Encargados de Edificios, Portuarios, Papeleros, Molineros, Gr\u00e1ficos, Metrodelegados, Curtidores, Visitadores m\u00e9dicos y APJ Gas.<\/p>\n\n\n\n<div style=\"height:25px\" aria-hidden=\"true\" class=\"wp-block-spacer\"><\/div>\n\n\n\n<figure class=\"wp-block-gallery has-nested-images columns-default is-cropped wp-block-gallery-1 is-layout-flex wp-block-gallery-is-layout-flex\">\n<figure class=\"wp-block-image size-large\"><img fetchpriority=\"high\" decoding=\"async\" width=\"2048\" height=\"1369\" data-id=\"2903\" src=\"https:\/\/uom.org.ar\/wp-content\/uploads\/2026\/05\/photo_10_2026-05-01_19-11-35.jpg\" alt=\"\" class=\"wp-image-2903\"\/><\/figure>\n\n\n\n<figure class=\"wp-block-image size-large\"><img decoding=\"async\" width=\"2048\" height=\"1369\" data-id=\"2902\" src=\"https:\/\/uom.org.ar\/wp-content\/uploads\/2026\/05\/photo_9_2026-05-01_19-11-35.jpg\" alt=\"\" class=\"wp-image-2902\"\/><\/figure>\n\n\n\n<figure class=\"wp-block-image size-large\"><img decoding=\"async\" width=\"2048\" height=\"1369\" data-id=\"2901\" src=\"https:\/\/uom.org.ar\/wp-content\/uploads\/2026\/05\/photo_8_2026-05-01_19-11-35.jpg\" alt=\"\" class=\"wp-image-2901\"\/><\/figure>\n\n\n\n<figure class=\"wp-block-image size-large\"><img loading=\"lazy\" decoding=\"async\" width=\"1280\" height=\"855\" data-id=\"2900\" src=\"https:\/\/uom.org.ar\/wp-content\/uploads\/2026\/05\/photo_8_2026-05-01_19-11-00.jpg\" alt=\"\" class=\"wp-image-2900\"\/><\/figure>\n\n\n\n<figure class=\"wp-block-image size-large\"><img loading=\"lazy\" decoding=\"async\" width=\"2048\" height=\"1369\" data-id=\"2890\" src=\"https:\/\/uom.org.ar\/wp-content\/uploads\/2026\/05\/photo_4_2026-05-01_19-11-40.jpg\" alt=\"\" class=\"wp-image-2890\"\/><\/figure>\n\n\n\n<figure class=\"wp-block-image size-large\"><img loading=\"lazy\" decoding=\"async\" width=\"1280\" height=\"855\" data-id=\"2897\" src=\"https:\/\/uom.org.ar\/wp-content\/uploads\/2026\/05\/photo_7_2026-05-01_19-11-00.jpg\" alt=\"\" class=\"wp-image-2897\"\/><\/figure>\n\n\n\n<figure class=\"wp-block-image size-large\"><img loading=\"lazy\" decoding=\"async\" width=\"2048\" height=\"1369\" data-id=\"2896\" src=\"https:\/\/uom.org.ar\/wp-content\/uploads\/2026\/05\/photo_6_2026-05-01_19-11-40.jpg\" alt=\"\" class=\"wp-image-2896\"\/><\/figure>\n\n\n\n<figure class=\"wp-block-image size-large\"><img loading=\"lazy\" decoding=\"async\" width=\"2048\" height=\"1369\" data-id=\"2895\" src=\"https:\/\/uom.org.ar\/wp-content\/uploads\/2026\/05\/photo_6_2026-05-01_19-11-35.jpg\" alt=\"\" class=\"wp-image-2895\"\/><\/figure>\n\n\n\n<figure class=\"wp-block-image size-large\"><img loading=\"lazy\" decoding=\"async\" width=\"2048\" height=\"1369\" data-id=\"2893\" src=\"https:\/\/uom.org.ar\/wp-content\/uploads\/2026\/05\/photo_5_2026-05-01_19-11-40.jpg\" alt=\"\" class=\"wp-image-2893\"\/><\/figure>\n\n\n\n<figure class=\"wp-block-image size-large\"><img loading=\"lazy\" decoding=\"async\" width=\"2048\" height=\"1369\" data-id=\"2892\" src=\"https:\/\/uom.org.ar\/wp-content\/uploads\/2026\/05\/photo_5_2026-05-01_19-11-35.jpg\" alt=\"\" class=\"wp-image-2892\"\/><\/figure>\n\n\n\n<figure class=\"wp-block-image size-large\"><img loading=\"lazy\" decoding=\"async\" width=\"1280\" height=\"855\" data-id=\"2894\" src=\"https:\/\/uom.org.ar\/wp-content\/uploads\/2026\/05\/photo_6_2026-05-01_19-11-00.jpg\" alt=\"\" class=\"wp-image-2894\"\/><\/figure>\n\n\n\n<figure class=\"wp-block-image size-large\"><img loading=\"lazy\" decoding=\"async\" width=\"1280\" height=\"855\" data-id=\"2891\" src=\"https:\/\/uom.org.ar\/wp-content\/uploads\/2026\/05\/photo_5_2026-05-01_19-11-00.jpg\" alt=\"\" class=\"wp-image-2891\"\/><\/figure>\n\n\n\n<figure class=\"wp-block-image size-large\"><img loading=\"lazy\" decoding=\"async\" width=\"2048\" height=\"1369\" data-id=\"2905\" src=\"https:\/\/uom.org.ar\/wp-content\/uploads\/2026\/05\/photo_12_2026-05-01_19-11-35.jpg\" alt=\"\" class=\"wp-image-2905\"\/><\/figure>\n\n\n\n<figure class=\"wp-block-image size-large\"><img loading=\"lazy\" decoding=\"async\" width=\"2048\" height=\"1369\" data-id=\"2904\" src=\"https:\/\/uom.org.ar\/wp-content\/uploads\/2026\/05\/photo_11_2026-05-01_19-11-35.jpg\" alt=\"\" class=\"wp-image-2904\"\/><\/figure>\n\n\n\n<figure class=\"wp-block-image size-large\"><img loading=\"lazy\" decoding=\"async\" width=\"2048\" height=\"1369\" data-id=\"2889\" src=\"https:\/\/uom.org.ar\/wp-content\/uploads\/2026\/05\/photo_4_2026-05-01_19-11-35.jpg\" alt=\"\" class=\"wp-image-2889\"\/><\/figure>\n\n\n\n<figure class=\"wp-block-image size-large\"><img loading=\"lazy\" decoding=\"async\" width=\"1280\" height=\"855\" data-id=\"2885\" src=\"https:\/\/uom.org.ar\/wp-content\/uploads\/2026\/05\/photo_3_2026-05-01_19-11-00.jpg\" alt=\"\" class=\"wp-image-2885\"\/><\/figure>\n\n\n\n<figure class=\"wp-block-image size-large\"><img loading=\"lazy\" decoding=\"async\" width=\"2048\" height=\"1369\" data-id=\"2887\" src=\"https:\/\/uom.org.ar\/wp-content\/uploads\/2026\/05\/photo_3_2026-05-01_19-11-40.jpg\" alt=\"\" class=\"wp-image-2887\"\/><\/figure>\n\n\n\n<figure class=\"wp-block-image size-large\"><img loading=\"lazy\" decoding=\"async\" width=\"2048\" height=\"1369\" data-id=\"2886\" src=\"https:\/\/uom.org.ar\/wp-content\/uploads\/2026\/05\/photo_3_2026-05-01_19-11-35.jpg\" alt=\"\" class=\"wp-image-2886\"\/><\/figure>\n\n\n\n<figure class=\"wp-block-image size-large\"><img loading=\"lazy\" decoding=\"async\" width=\"2048\" height=\"1369\" data-id=\"2884\" src=\"https:\/\/uom.org.ar\/wp-content\/uploads\/2026\/05\/photo_2_2026-05-01_19-11-40.jpg\" alt=\"\" class=\"wp-image-2884\"\/><\/figure>\n\n\n\n<figure class=\"wp-block-image size-large\"><img loading=\"lazy\" decoding=\"async\" width=\"1280\" height=\"855\" data-id=\"2882\" src=\"https:\/\/uom.org.ar\/wp-content\/uploads\/2026\/05\/photo_2_2026-05-01_19-11-06.jpg\" alt=\"\" class=\"wp-image-2882\"\/><\/figure>\n\n\n\n<figure class=\"wp-block-image size-large\"><img loading=\"lazy\" decoding=\"async\" width=\"1280\" height=\"855\" data-id=\"2888\" src=\"https:\/\/uom.org.ar\/wp-content\/uploads\/2026\/05\/photo_4_2026-05-01_19-11-00.jpg\" alt=\"\" class=\"wp-image-2888\"\/><\/figure>\n<\/figure>\n","protected":false},"excerpt":{"rendered":"<p>En el D\u00eda Internacional de las y los Trabajadores, el Primer Plenario del Frente de Sindicatos Unidos (FreSU) resolvi\u00f3 \u201cseguir dando pelea para defender al conjunto de las y los trabajadores\u201d, reivindic\u00f3 el derecho a huelga como herramienta esencial para defender los derechos laborales y defini\u00f3 que \u201cel salario digno y la distribuci\u00f3n de la riqueza\u201d son el primer punto del Programa Unidad, Lucha y Rebeld\u00eda para Recuperar la Patria.<\/p>\n","protected":false},"author":5,"featured_media":2890,"comment_status":"open","ping_status":"open","sticky":false,"template":"","format":"standard","meta":{"footnotes":""},"categories":[1],"tags":[18,180,187,202,225,157,161,46,224,203,94,21,181],"class_list":["post-2873","post","type-post","status-publish","format-standard","has-post-thumbnail","hentry","category-actualidad","tag-abel-furlan","tag-aguiar","tag-ate","tag-daniel-yofra","tag-fraternidad","tag-frente-de-sindicatos-unidos","tag-fresu","tag-furlan","tag-maturano","tag-rodolfo-aguiar","tag-union-obrera-metalurgica","tag-uom","tag-yofra"],"_links":{"self":[{"href":"https:\/\/uom.org.ar\/index.php?rest_route=\/wp\/v2\/posts\/2873","targetHints":{"allow":["GET"]}}],"collection":[{"href":"https:\/\/uom.org.ar\/index.php?rest_route=\/wp\/v2\/posts"}],"about":[{"href":"https:\/\/uom.org.ar\/index.php?rest_route=\/wp\/v2\/types\/post"}],"author":[{"embeddable":true,"href":"https:\/\/uom.org.ar\/index.php?rest_route=\/wp\/v2\/users\/5"}],"replies":[{"embeddable":true,"href":"https:\/\/uom.org.ar\/index.php?rest_route=%2Fwp%2Fv2%2Fcomments&post=2873"}],"version-history":[{"count":2,"href":"https:\/\/uom.org.ar\/index.php?rest_route=\/wp\/v2\/posts\/2873\/revisions"}],"predecessor-version":[{"id":2907,"href":"https:\/\/uom.org.ar\/index.php?rest_route=\/wp\/v2\/posts\/2873\/revisions\/2907"}],"wp:featuredmedia":[{"embeddable":true,"href":"https:\/\/uom.org.ar\/index.php?rest_route=\/wp\/v2\/media\/2890"}],"wp:attachment":[{"href":"https:\/\/uom.org.ar\/index.php?rest_route=%2Fwp%2Fv2%2Fmedia&parent=2873"}],"wp:term":[{"taxonomy":"category","embeddable":true,"href":"https:\/\/uom.org.ar\/index.php?rest_route=%2Fwp%2Fv2%2Fcategories&post=2873"},{"taxonomy":"post_tag","embeddable":true,"href":"https:\/\/uom.org.ar\/index.php?rest_route=%2Fwp%2Fv2%2Ftags&post=2873"}],"curies":[{"name":"wp","href":"https:\/\/api.w.org\/{rel}","templated":true}]}}